{"id":3143,"date":"2024-02-21T00:57:28","date_gmt":"2024-02-20T23:57:28","guid":{"rendered":"https:\/\/ammk.com.ar\/inicio\/?p=3143"},"modified":"2024-02-20T21:17:42","modified_gmt":"2024-02-21T00:17:42","slug":"distincion-de-la-municipalidad-de-posadas-a-la-asociacion-misionera-de-marketing","status":"publish","type":"post","link":"https:\/\/ammk.com.ar\/inicio\/distincion-de-la-municipalidad-de-posadas-a-la-asociacion-misionera-de-marketing\/","title":{"rendered":"Distinci\u00f3n de la Municipalidad de Posadas a la Asociaci\u00f3n Misionera de Marketing"},"content":{"rendered":"\n<p>La Municipalidad de Posadas <a href=\"https:\/\/l.facebook.com\/l.php?u=https%3A%2F%2Fwww.instagram.com%2F_u%2Fmuniposadas%3Ffbclid%3DIwAR0L74N2JWfUnXoHSQV3Q1uqGaX3O8Aulo9xupSigjaAdqmCGL25dFJ8Rbc&amp;h=AT2jf7eu4sN_-9upw68a5tUiNWvFD6gxYwjZjiJHhDnQy4kkpNcZnoaU1dVNAFBpE5k8XI_70Xyvvv-SvaJHoePooDtieNF7tUMG0Zn_rFlwnt8aFjtduXlwbLXXIVoo2g&amp;__tn__=-UK-R&amp;c[0]=AT2DygXbNVhJWLo8sp1_tL-dg6KN-2kW0DPjj8HINs1ppPEp9phQbTXHykHfKd8NCDVEKajJ0zvrPOWZ5irczbjbYpQTZwOZM0HnxZyB7GfEkaa1mlcUyRaGk1__LF1C3ta9QXknkD6sn1qnUncc-aMINc_WbkeYvv74XWaKpG8xEQeHA9G7jtL6BIjI6g-kg94mQXjmMB26\" target=\"_blank\" rel=\"noreferrer noopener\">@muniposadas<\/a> realiz\u00f3 en el d\u00eda de la fecha una distinci\u00f3n a los eventos destacados que se realizaron en la ciudad durante el 2023, a fin de apoyar y dar valor a la generaci\u00f3n de una ciudad que cuenta con eventos deportivos y profesionales, que convocan p\u00fablico de otras regiones.<\/p>\n\n\n\n<p>Recibimos un reconocimiento por nuestro 9no Congreso Regional de Marketing: Navegando hacia el Futuro.<\/p>\n\n\n\n<p>Estamos muy orgullosos por aportar desde el Marketing el crecimiento de estos eventos en nuestra Provincia.<\/p>\n\n    <div class=\"xs_social_share_widget xs_share_url after_content \t\tmain_content  wslu-style-1 wslu-share-box-shaped wslu-fill-colored wslu-none wslu-share-horizontal wslu-theme-font-no wslu-main_content\">\n\n\t\t\n        <ul>\n\t\t\t        <\/ul>\n    <\/div> \n","protected":false},"excerpt":{"rendered":"<p>La Municipalidad de Posadas @muniposadas realiz\u00f3 en el d\u00eda de la fecha una distinci\u00f3n a los eventos destacados que se realizaron en la ciudad durante el 2023, a fin de apoyar y dar valor a la generaci\u00f3n de una ciudad que cuenta con eventos deportivos y profesionales, que convocan p\u00fablico<\/p>\n","protected":false},"author":1,"featured_media":3140,"comment_status":"closed","ping_status":"closed","sticky":false,"template":"","format":"standard","meta":{"inline_featured_image":false,"footnotes":""},"categories":[33],"tags":[],"class_list":["post-3143","post","type-post","status-publish","format-standard","has-post-thumbnail","hentry","category-congreso-regional-de-marketing"],"_links":{"self":[{"href":"https:\/\/ammk.com.ar\/inicio\/wp-json\/wp\/v2\/posts\/3143","targetHints":{"allow":["GET"]}}],"collection":[{"href":"https:\/\/ammk.com.ar\/inicio\/wp-json\/wp\/v2\/posts"}],"about":[{"href":"https:\/\/ammk.com.ar\/inicio\/wp-json\/wp\/v2\/types\/post"}],"author":[{"embeddable":true,"href":"https:\/\/ammk.com.ar\/inicio\/wp-json\/wp\/v2\/users\/1"}],"replies":[{"embeddable":true,"href":"https:\/\/ammk.com.ar\/inicio\/wp-json\/wp\/v2\/comments?post=3143"}],"version-history":[{"count":1,"href":"https:\/\/ammk.com.ar\/inicio\/wp-json\/wp\/v2\/posts\/3143\/revisions"}],"predecessor-version":[{"id":3144,"href":"https:\/\/ammk.com.ar\/inicio\/wp-json\/wp\/v2\/posts\/3143\/revisions\/3144"}],"wp:featuredmedia":[{"embeddable":true,"href":"https:\/\/ammk.com.ar\/inicio\/wp-json\/wp\/v2\/media\/3140"}],"wp:attachment":[{"href":"https:\/\/ammk.com.ar\/inicio\/wp-json\/wp\/v2\/media?parent=3143"}],"wp:term":[{"taxonomy":"category","embeddable":true,"href":"https:\/\/ammk.com.ar\/inicio\/wp-json\/wp\/v2\/categories?post=3143"},{"taxonomy":"post_tag","embeddable":true,"href":"https:\/\/ammk.com.ar\/inicio\/wp-json\/wp\/v2\/tags?post=3143"}],"curies":[{"name":"wp","href":"https:\/\/api.w.org\/{rel}","templated":true}]}}